{"id":4504,"date":"2024-04-19T16:09:19","date_gmt":"2024-04-19T16:09:19","guid":{"rendered":"https:\/\/iesprincipe.com\/?p=4504"},"modified":"2024-04-28T16:17:59","modified_gmt":"2024-04-28T16:17:59","slug":"alumnos-del-ies-principe-de-asturias-participan-en-el-encuentro-coral-dentro-del-programa-cantemus","status":"publish","type":"post","link":"https:\/\/iesprincipe.com\/index.php\/2024\/04\/19\/alumnos-del-ies-principe-de-asturias-participan-en-el-encuentro-coral-dentro-del-programa-cantemus\/","title":{"rendered":"Alumnos del IES Pr\u00edncipe de Asturias participan en el encuentro coral dentro del programa Cantemus"},"content":{"rendered":"\t\t<div data-elementor-type=\"wp-post\" data-elementor-id=\"4504\" class=\"elementor elementor-4504\">\n\t\t\t\t\t\t<section class=\"elementor-section elementor-top-section elementor-element elementor-element-e2a0509 elementor-section-boxed elementor-section-height-default elementor-section-height-default\" data-id=\"e2a0509\" data-element_type=\"section\" data-e-type=\"section\">\n\t\t\t\t\t\t<div class=\"elementor-container elementor-column-gap-default\">\n\t\t\t\t\t<div class=\"elementor-column elementor-col-100 elementor-top-column elementor-element elementor-element-937a74c\" data-id=\"937a74c\" data-element_type=\"column\" data-e-type=\"column\">\n\t\t\t<div class=\"elementor-widget-wrap elementor-element-populated\">\n\t\t\t\t\t\t<div class=\"elementor-element elementor-element-a9099b5 elementor-widget elementor-widget-text-editor\" data-id=\"a9099b5\" data-element_type=\"widget\" data-e-type=\"widget\" data-widget_type=\"text-editor.default\">\n\t\t\t\t<div class=\"elementor-widget-container\">\n\t\t\t\t\t\t\t\t\t<p>El 18 de abril alumnos del IES Pr\u00edncipe de Asturias participan en el encuentro coral dentro del programa Cantemus en el Auditorio de \u00c1guilas. Adem\u00e1s del IES Pr\u00edncipe de Asturias, participaron el CEIP San Jos\u00e9, \u00a0CEIP Andr\u00e9s Garc\u00eda Soler, CEIP Alfonso X El Sabio, Colegio San Francisco de As\u00eds, IES Francisco Ros Giner, IES Jos\u00e9 Ib\u00e1\u00f1ez Mart\u00edn, IES Bartolom\u00e9 P\u00e9rez Casas e IES Alfonso Esc\u00e1mez.<\/p><p>Cantemus es un programa educativo cuyo objetivo es despertar en el alumnado el inter\u00e9s por la m\u00fasica y la actividad oral.<\/p><p>Nuestros alumnos tuvieron la oportunidad de vivir una experiencia \u00fanica para amantes de la m\u00fasica junto a los profesores Carmen Ayala, Ver\u00f3nica Belch\u00ed y Antonio Manuel D\u00edaz.<\/p><p>\u00a0<\/p>\t\t\t\t\t\t\t\t<\/div>\n\t\t\t\t<\/div>\n\t\t\t\t\t<\/div>\n\t\t<\/div>\n\t\t\t\t\t<\/div>\n\t\t<\/section>\n\t\t\t\t<section class=\"elementor-section elementor-top-section elementor-element elementor-element-59914f8 elementor-section-boxed elementor-section-height-default elementor-section-height-default\" data-id=\"59914f8\" data-element_type=\"section\" data-e-type=\"section\">\n\t\t\t\t\t\t<div class=\"elementor-container elementor-column-gap-default\">\n\t\t\t\t\t<div class=\"elementor-column elementor-col-100 elementor-top-column elementor-element elementor-element-58d182f\" data-id=\"58d182f\" data-element_type=\"column\" data-e-type=\"column\">\n\t\t\t<div class=\"elementor-widget-wrap elementor-element-populated\">\n\t\t\t\t\t\t<div class=\"elementor-element elementor-element-4b16624 elementor-widget elementor-widget-image\" data-id=\"4b16624\" data-element_type=\"widget\" data-e-type=\"widget\" data-widget_type=\"image.default\">\n\t\t\t\t<div class=\"elementor-widget-container\">\n\t\t\t\t\t\t\t\t\t\t\t\t\t\t\t<img fetchpriority=\"high\" decoding=\"async\" width=\"1024\" height=\"768\" src=\"https:\/\/iesprincipe.com\/wp-content\/uploads\/2024\/04\/IMG-20240418-WA0013-1024x768.jpg\" class=\"attachment-large size-large wp-image-4512\" alt=\"\" srcset=\"https:\/\/iesprincipe.com\/wp-content\/uploads\/2024\/04\/IMG-20240418-WA0013-1024x768.jpg 1024w, https:\/\/iesprincipe.com\/wp-content\/uploads\/2024\/04\/IMG-20240418-WA0013-300x225.jpg 300w, https:\/\/iesprincipe.com\/wp-content\/uploads\/2024\/04\/IMG-20240418-WA0013-768x576.jpg 768w, https:\/\/iesprincipe.com\/wp-content\/uploads\/2024\/04\/IMG-20240418-WA0013-1536x1152.jpg 1536w, https:\/\/iesprincipe.com\/wp-content\/uploads\/2024\/04\/IMG-20240418-WA0013.jpg 2000w\" sizes=\"(max-width: 1024px) 100vw, 1024px\" \/>\t\t\t\t\t\t\t\t\t\t\t\t\t\t\t<\/div>\n\t\t\t\t<\/div>\n\t\t\t\t\t<\/div>\n\t\t<\/div>\n\t\t\t\t\t<\/div>\n\t\t<\/section>\n\t\t\t\t<\/div>\n\t\t","protected":false},"excerpt":{"rendered":"<p>El 18 de abril alumnos del IES Pr\u00edncipe de Asturias participan en el encuentro coral dentro del programa Cantemus en el Auditorio de \u00c1guilas. Adem\u00e1s del IES Pr\u00edncipe de Asturias, participaron el CEIP San Jos\u00e9, \u00a0CEIP Andr\u00e9s Garc\u00eda Soler, CEIP Alfonso X El Sabio, Colegio San Francisco de As\u00eds, IES Francisco Ros Giner, IES Jos\u00e9 [&hellip;]<\/p>\n","protected":false},"author":8,"featured_media":0,"comment_status":"closed","ping_status":"closed","sticky":false,"template":"","format":"standard","meta":{"site-sidebar-layout":"default","site-content-layout":"","ast-site-content-layout":"default","site-content-style":"default","site-sidebar-style":"default","ast-global-header-display":"","ast-banner-title-visibility":"","ast-main-header-display":"","ast-hfb-above-header-display":"","ast-hfb-below-header-display":"","ast-hfb-mobile-header-display":"","site-post-title":"","ast-breadcrumbs-content":"","ast-featured-img":"","footer-sml-layout":"","ast-disable-related-posts":"","theme-transparent-header-meta":"","adv-header-id-meta":"","stick-header-meta":"","header-above-stick-meta":"","header-main-stick-meta":"","header-below-stick-meta":"","astra-migrate-meta-layouts":"set","ast-page-background-enabled":"default","ast-page-background-meta":{"desktop":{"background-color":"","background-image":"","background-repeat":"repeat","background-position":"center center","background-size":"auto","background-attachment":"scroll","background-type":"","background-media":"","overlay-type":"","overlay-color":"","overlay-opacity":"","overlay-gradient":""},"tablet":{"background-color":"","background-image":"","background-repeat":"repeat","background-position":"center center","background-size":"auto","background-attachment":"scroll","background-type":"","background-media":"","overlay-type":"","overlay-color":"","overlay-opacity":"","overlay-gradient":""},"mobile":{"background-color":"","background-image":"","background-repeat":"repeat","background-position":"center center","background-size":"auto","background-attachment":"scroll","background-type":"","background-media":"","overlay-type":"","overlay-color":"","overlay-opacity":"","overlay-gradient":""}},"ast-content-background-meta":{"desktop":{"background-color":"var(--ast-global-color-5)","background-image":"","background-repeat":"repeat","background-position":"center center","background-size":"auto","background-attachment":"scroll","background-type":"","background-media":"","overlay-type":"","overlay-color":"","overlay-opacity":"","overlay-gradient":""},"tablet":{"background-color":"var(--ast-global-color-5)","background-image":"","background-repeat":"repeat","background-position":"center center","background-size":"auto","background-attachment":"scroll","background-type":"","background-media":"","overlay-type":"","overlay-color":"","overlay-opacity":"","overlay-gradient":""},"mobile":{"background-color":"var(--ast-global-color-5)","background-image":"","background-repeat":"repeat","background-position":"center center","background-size":"auto","background-attachment":"scroll","background-type":"","background-media":"","overlay-type":"","overlay-color":"","overlay-opacity":"","overlay-gradient":""}},"footnotes":""},"categories":[1,13],"tags":[],"class_list":["post-4504","post","type-post","status-publish","format-standard","hentry","category-uncategorized","category-musica"],"_links":{"self":[{"href":"https:\/\/iesprincipe.com\/index.php\/wp-json\/wp\/v2\/posts\/4504","targetHints":{"allow":["GET"]}}],"collection":[{"href":"https:\/\/iesprincipe.com\/index.php\/wp-json\/wp\/v2\/posts"}],"about":[{"href":"https:\/\/iesprincipe.com\/index.php\/wp-json\/wp\/v2\/types\/post"}],"author":[{"embeddable":true,"href":"https:\/\/iesprincipe.com\/index.php\/wp-json\/wp\/v2\/users\/8"}],"replies":[{"embeddable":true,"href":"https:\/\/iesprincipe.com\/index.php\/wp-json\/wp\/v2\/comments?post=4504"}],"version-history":[{"count":12,"href":"https:\/\/iesprincipe.com\/index.php\/wp-json\/wp\/v2\/posts\/4504\/revisions"}],"predecessor-version":[{"id":5097,"href":"https:\/\/iesprincipe.com\/index.php\/wp-json\/wp\/v2\/posts\/4504\/revisions\/5097"}],"wp:attachment":[{"href":"https:\/\/iesprincipe.com\/index.php\/wp-json\/wp\/v2\/media?parent=4504"}],"wp:term":[{"taxonomy":"category","embeddable":true,"href":"https:\/\/iesprincipe.com\/index.php\/wp-json\/wp\/v2\/categories?post=4504"},{"taxonomy":"post_tag","embeddable":true,"href":"https:\/\/iesprincipe.com\/index.php\/wp-json\/wp\/v2\/tags?post=4504"}],"curies":[{"name":"wp","href":"https:\/\/api.w.org\/{rel}","templated":true}]}}