{"id":3955,"date":"2023-05-17T11:48:22","date_gmt":"2023-05-17T11:48:22","guid":{"rendered":"https:\/\/iesprincipe.com\/?p=3955"},"modified":"2023-05-17T11:53:20","modified_gmt":"2023-05-17T11:53:20","slug":"medallla-de-plata-en-la-vi-olimpiada-de-arquitectura-de-la-region-de-murcia","status":"publish","type":"post","link":"https:\/\/iesprincipe.com\/index.php\/2023\/05\/17\/medallla-de-plata-en-la-vi-olimpiada-de-arquitectura-de-la-region-de-murcia\/","title":{"rendered":"Medallla de plata en la VI Olimpiada de Arquitectura de la Regi\u00f3n de Murcia."},"content":{"rendered":"\t\t<div data-elementor-type=\"wp-post\" data-elementor-id=\"3955\" class=\"elementor elementor-3955\">\n\t\t\t\t\t\t<section class=\"elementor-section elementor-top-section elementor-element elementor-element-6e4b1a1 elementor-section-boxed elementor-section-height-default elementor-section-height-default\" data-id=\"6e4b1a1\" data-element_type=\"section\" data-e-type=\"section\">\n\t\t\t\t\t\t<div class=\"elementor-container elementor-column-gap-default\">\n\t\t\t\t\t<div class=\"elementor-column elementor-col-100 elementor-top-column elementor-element elementor-element-42362d9\" data-id=\"42362d9\" data-element_type=\"column\" data-e-type=\"column\">\n\t\t\t<div class=\"elementor-widget-wrap elementor-element-populated\">\n\t\t\t\t\t\t<div class=\"elementor-element elementor-element-dc28e78 elementor-widget elementor-widget-text-editor\" data-id=\"dc28e78\" data-element_type=\"widget\" data-e-type=\"widget\" data-widget_type=\"text-editor.default\">\n\t\t\t\t<div class=\"elementor-widget-container\">\n\t\t\t\t\t\t\t\t\t<p style=\"font-weight: 400;\">El pasado d\u00eda 10 de mayo se celebr\u00f3 la VI Olimpiada de Arquitectura de la Regi\u00f3n de Murcia.<\/p><p style=\"font-weight: 400;\">Participaron dos equipos del centro, y uno de ellos obtuvo\u00a0un m\u00e1s que merecido segundo puesto en dicho certamen.<\/p><p style=\"font-weight: 400;\">Enhorabuena para los alumnos que lograron tal haza\u00f1a: \u00c1ngel Ruiz Berm\u00fadez, Cristian Tumbo S\u00e1nchez, Florin Gabriel Gherghel, Omar Kamrach, Rodrigo Ledezma Delgadillo y V\u00edctor Carrillo Mateo.<\/p><p style=\"font-weight: 400;\">El jurado del certamen valor\u00f3 la transformaci\u00f3n del patio de nuestro centro en un aula del futuro donde llevar a cabo toda clase de actividades docentes a la vez que se fomenta el deporte y se crea un entorno mucho m\u00e1s sostenible.<\/p><p style=\"font-weight: 400;\">Puedes ver el proyecto presentado <a href=\"https:\/\/www.canva.com\/design\/DAFg1sJuVPs\/JEodCPYWBvTRdFw3JoFniA\/view\">aqu\u00ed<\/a><\/p><p style=\"font-weight: 400;\">Puedes ver su actuaci\u00f3n en el certamen <a href=\"https:\/\/youtu.be\/w6R-k3FNzPA?t=3645\">aqu\u00ed.<\/a><\/p><p style=\"font-weight: 400;\">Tambi\u00e9n felicitamos al otro equipo participante que obtuvo un diploma ol\u00edmpico: Adri\u00e1n Garc\u00eda Mateo, Francisco Javier Sola Zabala, Juan David Garc\u00eda Mart\u00ednez, Mateo Alc\u00e1zar C\u00e1ceres, Neiva S\u00e1nchez Valero y Nuria Fern\u00e1ndez Coronel.<\/p><p style=\"font-weight: 400;\">En su proyecto denominado Aula Recrea, los alumnos describieron c\u00f3mo pretenden transformar uno de los espacios de nuestro instituto en un aula modular, innovadora y sostenible.Puedes ver su proyecto completo <a href=\"https:\/\/www.canva.com\/design\/DAFg1saWTho\/hr4C5Pq9m3drnET7U1mxKg\/view?utm_content=DAFg1saWTho&amp;utm_campaign=designshare&amp;utm_medium=link&amp;utm_source=publishsharelink#5\">aqu\u00ed<\/a>.<\/p><p style=\"font-weight: 400;\">Puedes ver su participaci\u00f3n <a href=\"https:\/\/youtu.be\/w6R-k3FNzPA?t=6505\">aqu\u00ed.<\/a><\/p><p style=\"font-weight: 400;\">Por \u00faltimo, en <a href=\"https:\/\/www.upct.es\/destacados\/cdestacados.php?c=28&amp;ubicacion=general&amp;id_buscar=15231\">este enlace<\/a> puedes ver m\u00e1s informaci\u00f3n sobre la entrega de premios:<\/p>\t\t\t\t\t\t\t\t<\/div>\n\t\t\t\t<\/div>\n\t\t\t\t\t<\/div>\n\t\t<\/div>\n\t\t\t\t\t<\/div>\n\t\t<\/section>\n\t\t\t\t<section class=\"elementor-section elementor-top-section elementor-element elementor-element-5c6e5f7 elementor-section-boxed elementor-section-height-default elementor-section-height-default\" data-id=\"5c6e5f7\" data-element_type=\"section\" data-e-type=\"section\">\n\t\t\t\t\t\t<div class=\"elementor-container elementor-column-gap-default\">\n\t\t\t\t\t<div class=\"elementor-column elementor-col-100 elementor-top-column elementor-element elementor-element-361f074\" data-id=\"361f074\" data-element_type=\"column\" data-e-type=\"column\">\n\t\t\t<div class=\"elementor-widget-wrap elementor-element-populated\">\n\t\t\t\t\t\t<div class=\"elementor-element elementor-element-ed83f13 elementor-widget elementor-widget-image\" data-id=\"ed83f13\" data-element_type=\"widget\" data-e-type=\"widget\" data-widget_type=\"image.default\">\n\t\t\t\t<div class=\"elementor-widget-container\">\n\t\t\t\t\t\t\t\t\t\t\t\t\t\t\t<img fetchpriority=\"high\" decoding=\"async\" width=\"1024\" height=\"576\" src=\"https:\/\/iesprincipe.com\/wp-content\/uploads\/2023\/05\/IMG-20230510-WA0002-1024x576.jpeg\" class=\"attachment-large size-large wp-image-3957\" alt=\"\" srcset=\"https:\/\/iesprincipe.com\/wp-content\/uploads\/2023\/05\/IMG-20230510-WA0002-1024x576.jpeg 1024w, https:\/\/iesprincipe.com\/wp-content\/uploads\/2023\/05\/IMG-20230510-WA0002-300x169.jpeg 300w, https:\/\/iesprincipe.com\/wp-content\/uploads\/2023\/05\/IMG-20230510-WA0002-768x432.jpeg 768w, https:\/\/iesprincipe.com\/wp-content\/uploads\/2023\/05\/IMG-20230510-WA0002-1536x864.jpeg 1536w, https:\/\/iesprincipe.com\/wp-content\/uploads\/2023\/05\/IMG-20230510-WA0002-2048x1152.jpeg 2048w\" sizes=\"(max-width: 1024px) 100vw, 1024px\" \/>\t\t\t\t\t\t\t\t\t\t\t\t\t\t\t<\/div>\n\t\t\t\t<\/div>\n\t\t\t\t\t<\/div>\n\t\t<\/div>\n\t\t\t\t\t<\/div>\n\t\t<\/section>\n\t\t\t\t<\/div>\n\t\t","protected":false},"excerpt":{"rendered":"<p>El pasado d\u00eda 10 de mayo se celebr\u00f3 la VI Olimpiada de Arquitectura de la Regi\u00f3n de Murcia. Participaron dos equipos del centro, y uno de ellos obtuvo\u00a0un m\u00e1s que merecido segundo puesto en dicho certamen. Enhorabuena para los alumnos que lograron tal haza\u00f1a: \u00c1ngel Ruiz Berm\u00fadez, Cristian Tumbo S\u00e1nchez, Florin Gabriel Gherghel, Omar Kamrach, [&hellip;]<\/p>\n","protected":false},"author":8,"featured_media":0,"comment_status":"closed","ping_status":"closed","sticky":false,"template":"","format":"standard","meta":{"site-sidebar-layout":"default","site-content-layout":"","ast-site-content-layout":"default","site-content-style":"default","site-sidebar-style":"default","ast-global-header-display":"","ast-banner-title-visibility":"","ast-main-header-display":"","ast-hfb-above-header-display":"","ast-hfb-below-header-display":"","ast-hfb-mobile-header-display":"","site-post-title":"","ast-breadcrumbs-content":"","ast-featured-img":"","footer-sml-layout":"","ast-disable-related-posts":"","theme-transparent-header-meta":"","adv-header-id-meta":"","stick-header-meta":"","header-above-stick-meta":"","header-main-stick-meta":"","header-below-stick-meta":"","astra-migrate-meta-layouts":"default","ast-page-background-enabled":"default","ast-page-background-meta":{"desktop":{"background-color":"","background-image":"","background-repeat":"repeat","background-position":"center center","background-size":"auto","background-attachment":"scroll","background-type":"","background-media":"","overlay-type":"","overlay-color":"","overlay-opacity":"","overlay-gradient":""},"tablet":{"background-color":"","background-image":"","background-repeat":"repeat","background-position":"center center","background-size":"auto","background-attachment":"scroll","background-type":"","background-media":"","overlay-type":"","overlay-color":"","overlay-opacity":"","overlay-gradient":""},"mobile":{"background-color":"","background-image":"","background-repeat":"repeat","background-position":"center center","background-size":"auto","background-attachment":"scroll","background-type":"","background-media":"","overlay-type":"","overlay-color":"","overlay-opacity":"","overlay-gradient":""}},"ast-content-background-meta":{"desktop":{"background-color":"var(--ast-global-color-5)","background-image":"","background-repeat":"repeat","background-position":"center center","background-size":"auto","background-attachment":"scroll","background-type":"","background-media":"","overlay-type":"","overlay-color":"","overlay-opacity":"","overlay-gradient":""},"tablet":{"background-color":"var(--ast-global-color-5)","background-image":"","background-repeat":"repeat","background-position":"center center","background-size":"auto","background-attachment":"scroll","background-type":"","background-media":"","overlay-type":"","overlay-color":"","overlay-opacity":"","overlay-gradient":""},"mobile":{"background-color":"var(--ast-global-color-5)","background-image":"","background-repeat":"repeat","background-position":"center center","background-size":"auto","background-attachment":"scroll","background-type":"","background-media":"","overlay-type":"","overlay-color":"","overlay-opacity":"","overlay-gradient":""}},"footnotes":""},"categories":[12],"tags":[],"class_list":["post-3955","post","type-post","status-publish","format-standard","hentry","category-varios"],"_links":{"self":[{"href":"https:\/\/iesprincipe.com\/index.php\/wp-json\/wp\/v2\/posts\/3955","targetHints":{"allow":["GET"]}}],"collection":[{"href":"https:\/\/iesprincipe.com\/index.php\/wp-json\/wp\/v2\/posts"}],"about":[{"href":"https:\/\/iesprincipe.com\/index.php\/wp-json\/wp\/v2\/types\/post"}],"author":[{"embeddable":true,"href":"https:\/\/iesprincipe.com\/index.php\/wp-json\/wp\/v2\/users\/8"}],"replies":[{"embeddable":true,"href":"https:\/\/iesprincipe.com\/index.php\/wp-json\/wp\/v2\/comments?post=3955"}],"version-history":[{"count":14,"href":"https:\/\/iesprincipe.com\/index.php\/wp-json\/wp\/v2\/posts\/3955\/revisions"}],"predecessor-version":[{"id":3970,"href":"https:\/\/iesprincipe.com\/index.php\/wp-json\/wp\/v2\/posts\/3955\/revisions\/3970"}],"wp:attachment":[{"href":"https:\/\/iesprincipe.com\/index.php\/wp-json\/wp\/v2\/media?parent=3955"}],"wp:term":[{"taxonomy":"category","embeddable":true,"href":"https:\/\/iesprincipe.com\/index.php\/wp-json\/wp\/v2\/categories?post=3955"},{"taxonomy":"post_tag","embeddable":true,"href":"https:\/\/iesprincipe.com\/index.php\/wp-json\/wp\/v2\/tags?post=3955"}],"curies":[{"name":"wp","href":"https:\/\/api.w.org\/{rel}","templated":true}]}}